

{"id":7115,"date":"2024-02-01T15:26:39","date_gmt":"2024-02-01T13:26:39","guid":{"rendered":"https:\/\/www.villamedici-giulini.it\/masterclass-leo-nucci-baritone\/"},"modified":"2024-02-01T15:26:40","modified_gmt":"2024-02-01T13:26:40","slug":"masterclass-leo-nucci-baritone","status":"publish","type":"post","link":"https:\/\/www.villamedici-giulini.it\/en\/masterclass-leo-nucci-baritone\/","title":{"rendered":"Masterclass Leo Nucci &#8211; Baritone"},"content":{"rendered":"\t\t<div data-elementor-type=\"wp-post\" data-elementor-id=\"7115\" class=\"elementor elementor-7115 elementor-7110\" data-elementor-post-type=\"post\">\n\t\t\t\t\t\t<section class=\"has_eae_slider elementor-section elementor-top-section elementor-element elementor-element-32ce75f elementor-section-boxed elementor-section-height-default elementor-section-height-default\" data-eae-slider=\"12469\" data-id=\"32ce75f\" data-element_type=\"section\" data-e-type=\"section\">\n\t\t\t\t\t\t<div class=\"elementor-container elementor-column-gap-default\">\n\t\t\t\t\t<div class=\"has_eae_slider elementor-column elementor-col-100 elementor-top-column elementor-element elementor-element-d36b555\" data-eae-slider=\"83834\" data-id=\"d36b555\" data-element_type=\"column\" data-e-type=\"column\">\n\t\t\t<div class=\"elementor-widget-wrap elementor-element-populated\">\n\t\t\t\t\t\t<div class=\"elementor-element elementor-element-29e0865 elementor-widget elementor-widget-text-editor\" data-id=\"29e0865\" data-element_type=\"widget\" data-e-type=\"widget\" data-widget_type=\"text-editor.default\">\n\t\t\t\t<div class=\"elementor-widget-container\">\n\t\t\t\t\t\t\t\t\t<p>The great baritone Leo Nucci will run an exceptional masterclass at Villa Medici Giulini from Thursday, May 23<sup>rd<\/sup> to Sunday, May 26<sup>th<\/sup>, ending with a concert that will take place in the Teatrino on Sunday, May 26 at 4.30 pm.<\/p>\n<p class=\"Corpo\">His career has known only triumphs, first among all <strong>Rigoletto<\/strong> of which he was an unforgettable interpreter.<\/p>\n<p><img fetchpriority=\"high\" decoding=\"async\" class=\"aligncenter wp-image-7108 size-full\" src=\"https:\/\/www.villamedici-giulini.it\/wp-content\/uploads\/2024\/02\/masterclass-leo-nucci-2.jpg\" alt=\"Masterclass Leo Nucci - Villa Medici Giulini\" width=\"800\" height=\"600\" srcset=\"https:\/\/www.villamedici-giulini.it\/wp-content\/uploads\/2024\/02\/masterclass-leo-nucci-2.jpg 800w, https:\/\/www.villamedici-giulini.it\/wp-content\/uploads\/2024\/02\/masterclass-leo-nucci-2-300x225.jpg 300w, https:\/\/www.villamedici-giulini.it\/wp-content\/uploads\/2024\/02\/masterclass-leo-nucci-2-768x576.jpg 768w\" sizes=\"(max-width: 800px) 100vw, 800px\" \/><\/p>\n<p>He has received in his career the most important artistic awards in the world of opera such as: Accademia delle Muse of Firenze, he is an honorary member of the Accademia Filarmonica of Bologna, he was awarded as Verdi d&#8217;oro of Busseto, Premio Pavarotti d&#8217;oro, Arena di Verona d&#8217;oro, Premio Enrico Caruso d&#8217;oro, Premio Gigli d&#8217;oro, Premio Giuseppe Di Stefano, Premio Piero Cappuccilli, Premio Tito Gobbi, Premio Tito Schipa, Premio Enzo Dara d&#8217;oro, Premio Alfredo Kraus, Premio Luigi Illica and so on. He received six nominations for: The Record Academy of Recording Arts and Sciences and he was president of the Verdian Voices Competition in Busseto in 2013\/2014. He studied singing privately, from the beginning in Florence in January 1958 with the Maestro Mario Bigazzi, who discovered him, and then he continued his studies with Maestro Giuseppe Marchesi in Bologna and with him he debuted in 1967 in Spoleto as Figaro in Gioacchino Rossini\u2019s Barbiere di Siviglia, joined by Ruggero Raimondi in the role of Basilio. Maestro Ottaviano Bizzarri was teaching in Milan and convinced him to continue in the profession of opera singer and made him debut in the role of Rigoletto at the Teatro Salieri in Legnago on 19 May 1973 alongside with the soprano Adriana Anelli, his wife, who played the role of Gilda. His debut was triumphant and gave him the opportunity to start a professional career internationally, becoming for forty years the reference baritone in the roles of Rigoletto and Figaro in all the biggest theaters around the world with 546 performances as Rigoletto and 350 performances as Figaro.<\/p>\n<p>At the Teatro alla Scala in 2015 he sang for the last time <em>Il barbiere di Siviglia<\/em> performing as an encore the Figaro\u2019s Cavatina and in 2019 he sang the last 9 performances of Rigoletto with 7 encores. At the Arena of Verona, he was Rigoletto for nine seasons and, always at the Arena, he was the first Figaro in the history of that theater. In Vienna, he celebrated the Rigoletto 500<sup>th<\/sup> production on 4 April 2014. At the Metropolitan in New York, he participated in the new production of Rigoletto in 1989 with Luciano Pavarotti. At the Covent Garden in London, he inaugurated the Season with Rigoletto in 1991. In Parma he was Rigoletto in many lyrical seasons starting with the historic edition of Pierluigi Samaritani with Alfredo Kraus. In 2001, the year dedicated to Verdi, he was the reference baritone at the Teatro alla Scala. He inaugurated the opera season with Il Trovatore in 2000 and with Otello in 2001, both directed by Riccardo Muti.<\/p>\n<p>He debuted in the most famous theatres of the world such as: the Teatro alla Scala in Milan in the role of Figaro in <em>Il barbiere di Siviglia<\/em> by Rossini on 30 January 1977, at the Arena of Verona in 1977 in the role of Mercuzio in <em>Romeo e Giulietta<\/em> by Gounod, at the Covent Garden in London in 1978 in the role of Miller in Verdi\u2019s <em>Luisa Miller<\/em> with Katia Ricciarelli and Luciano Pavarotti under the direction of Lorin Maazel, at the Vienna State Opera in 1979 in the role of Figaro in Rossini\u2019s Il <em>Barbiere di Siviglia<\/em>, at the Metropolitan in New York as Renato in Verdi\u2019s <em>Un ballo in maschera<\/em> with Luciano Pavarotti and Katia Ricciarelli, at the Teatro Regio of Parma in 1977 as Scarpia in Puccini\u2019s <em>Tosca<\/em>, at the Zurich Opernhaus in 1982 as Miller in Verdi\u2019s <em>Luisa Miller<\/em>, at the Teatro San Carlo in Naples in 1983 with Figaro in <em>Il Barbiere di Siviglia<\/em>, at the Lyric Opera of Chicago in 1980 in the role of Renato in Verdi\u2019s <em>Un ballo in Maschera<\/em> with Luciano Pavarotti and Renata Scotto, at the Paris Opera in 1982 with Verdi\u2019s <em>Un ballo in Maschera<\/em>, at the Bayerische Staatsoper in Munich in 1979 in Verdi\u2019s <em>Un ballo in Maschera.<\/em><\/p>\n<p>He performed in 23 different roles at the Teatro alla Scala in Milan where he acted for a total of 242 performances. He recorded for this Theatre 2 record editions of <em>Aida<\/em> by Verdi under the direction of Claudio Abbado and Lorin Maazel, <em>Don Carlos<\/em> by Verdi with the conduction of Claudio Abbado, <em>Il Trovatore<\/em> and <em>Otello<\/em> by Verdi with the direction of Riccardo Muti, <em>Simone Boccanegra<\/em> by Verdi with the direction of Sir Georg Solti, <em>Tosca<\/em> by Puccini with the direction of Riccardo Muti, <em>Gianni Schicchi<\/em> by Puccini with the direction of Riccardo Chailly, Rossini\u2019s <em>Il Barbiere di Siviglia<\/em> conducted by Riccardo Chailly and the DVD with the concert for the thirty years of Scala.<\/p>\n<p>He run Masterclasses at the George Solti Academy in Castiglion della Pescaia, at the Giuseppe Verdi Conservatory in Milan, at the G.B Martini Conservatory in Bologna, at the Accademia Teatro alla Scala in Milan, at the Schlosstheater Sch\u00f6nbrunn in Vienna, at the Hoperhaus Theatre in Zurich, at the Th\u00e9\u00e2tre du Ch\u00e2telet in Paris, at the Civic Opera House in Chicago, at the Municipal Theatre in Santiago de Chile, at the CVASP Theatre in Beijing, at the Madrid Conservatory, at the Piacenza Municipal Theatre, at the Gaffurio Academy in Lodi, at Sipario Castiglionese where he had the satisfaction of seeing several students take up their career.<\/p>\n<p>Today is Grand Officer of the Italian Republic, Kammers\u00e4nger of Austria, Ehrenmitglied Wiener Staatsoper, Chevalier de l&#8217;Ordre des Arts et Des Lettres of France, Medalla de oro al Merito en las Bellas Artes of Spain, Ambrogino d&#8217;Oro of the City of Milan and he was also Goodwill Ambassador of UNICEF.<\/p>\n\t\t\t\t\t\t\t\t<\/div>\n\t\t\t\t<\/div>\n\t\t\t\t\t<\/div>\n\t\t<\/div>\n\t\t\t\t\t<\/div>\n\t\t<\/section>\n\t\t\t\t<\/div>\n\t\t","protected":false},"excerpt":{"rendered":"<p>From 23rd to 26th May 2024 <\/p>\n","protected":false},"author":1,"featured_media":7107,"comment_status":"closed","ping_status":"closed","sticky":false,"template":"","format":"standard","meta":{"ocean_post_layout":"","ocean_both_sidebars_style":"","ocean_both_sidebars_content_width":0,"ocean_both_sidebars_sidebars_width":0,"ocean_sidebar":"","ocean_second_sidebar":"","ocean_disable_margins":"enable","ocean_add_body_class":"","ocean_shortcode_before_top_bar":"","ocean_shortcode_after_top_bar":"","ocean_shortcode_before_header":"","ocean_shortcode_after_header":"","ocean_has_shortcode":"","ocean_shortcode_after_title":"","ocean_shortcode_before_footer_widgets":"","ocean_shortcode_after_footer_widgets":"","ocean_shortcode_before_footer_bottom":"","ocean_shortcode_after_footer_bottom":"","ocean_display_top_bar":"default","ocean_display_header":"default","ocean_header_style":"","ocean_center_header_left_menu":"","ocean_custom_header_template":"","ocean_custom_logo":0,"ocean_custom_retina_logo":0,"ocean_custom_logo_max_width":0,"ocean_custom_logo_tablet_max_width":0,"ocean_custom_logo_mobile_max_width":0,"ocean_custom_logo_max_height":0,"ocean_custom_logo_tablet_max_height":0,"ocean_custom_logo_mobile_max_height":0,"ocean_header_custom_menu":"","ocean_menu_typo_font_family":"","ocean_menu_typo_font_subset":"","ocean_menu_typo_font_size":0,"ocean_menu_typo_font_size_tablet":0,"ocean_menu_typo_font_size_mobile":0,"ocean_menu_typo_font_size_unit":"px","ocean_menu_typo_font_weight":"","ocean_menu_typo_font_weight_tablet":"","ocean_menu_typo_font_weight_mobile":"","ocean_menu_typo_transform":"","ocean_menu_typo_transform_tablet":"","ocean_menu_typo_transform_mobile":"","ocean_menu_typo_line_height":0,"ocean_menu_typo_line_height_tablet":0,"ocean_menu_typo_line_height_mobile":0,"ocean_menu_typo_line_height_unit":"","ocean_menu_typo_spacing":0,"ocean_menu_typo_spacing_tablet":0,"ocean_menu_typo_spacing_mobile":0,"ocean_menu_typo_spacing_unit":"","ocean_menu_link_color":"","ocean_menu_link_color_hover":"","ocean_menu_link_color_active":"","ocean_menu_link_background":"","ocean_menu_link_hover_background":"","ocean_menu_link_active_background":"","ocean_menu_social_links_bg":"","ocean_menu_social_hover_links_bg":"","ocean_menu_social_links_color":"","ocean_menu_social_hover_links_color":"","ocean_disable_title":"default","ocean_disable_heading":"default","ocean_post_title":"","ocean_post_subheading":"","ocean_post_title_style":"","ocean_post_title_background_color":"","ocean_post_title_background":0,"ocean_post_title_bg_image_position":"","ocean_post_title_bg_image_attachment":"","ocean_post_title_bg_image_repeat":"","ocean_post_title_bg_image_size":"","ocean_post_title_height":0,"ocean_post_title_bg_overlay":0.5,"ocean_post_title_bg_overlay_color":"","ocean_disable_breadcrumbs":"default","ocean_breadcrumbs_color":"","ocean_breadcrumbs_separator_color":"","ocean_breadcrumbs_links_color":"","ocean_breadcrumbs_links_hover_color":"","ocean_display_footer_widgets":"default","ocean_display_footer_bottom":"default","ocean_custom_footer_template":"","ocean_post_oembed":"","ocean_post_self_hosted_media":"","ocean_post_video_embed":"","ocean_link_format":"","ocean_link_format_target":"self","ocean_quote_format":"","ocean_quote_format_link":"post","ocean_gallery_link_images":"on","ocean_gallery_id":[],"footnotes":""},"categories":[42],"tags":[],"class_list":["post-7115","post","type-post","status-publish","format-standard","has-post-thumbnail","hentry","category-masterclass","entry","has-media"],"_links":{"self":[{"href":"https:\/\/www.villamedici-giulini.it\/en\/wp-json\/wp\/v2\/posts\/7115","targetHints":{"allow":["GET"]}}],"collection":[{"href":"https:\/\/www.villamedici-giulini.it\/en\/wp-json\/wp\/v2\/posts"}],"about":[{"href":"https:\/\/www.villamedici-giulini.it\/en\/wp-json\/wp\/v2\/types\/post"}],"author":[{"embeddable":true,"href":"https:\/\/www.villamedici-giulini.it\/en\/wp-json\/wp\/v2\/users\/1"}],"replies":[{"embeddable":true,"href":"https:\/\/www.villamedici-giulini.it\/en\/wp-json\/wp\/v2\/comments?post=7115"}],"version-history":[{"count":1,"href":"https:\/\/www.villamedici-giulini.it\/en\/wp-json\/wp\/v2\/posts\/7115\/revisions"}],"predecessor-version":[{"id":7116,"href":"https:\/\/www.villamedici-giulini.it\/en\/wp-json\/wp\/v2\/posts\/7115\/revisions\/7116"}],"wp:featuredmedia":[{"embeddable":true,"href":"https:\/\/www.villamedici-giulini.it\/en\/wp-json\/wp\/v2\/media\/7107"}],"wp:attachment":[{"href":"https:\/\/www.villamedici-giulini.it\/en\/wp-json\/wp\/v2\/media?parent=7115"}],"wp:term":[{"taxonomy":"category","embeddable":true,"href":"https:\/\/www.villamedici-giulini.it\/en\/wp-json\/wp\/v2\/categories?post=7115"},{"taxonomy":"post_tag","embeddable":true,"href":"https:\/\/www.villamedici-giulini.it\/en\/wp-json\/wp\/v2\/tags?post=7115"}],"curies":[{"name":"wp","href":"https:\/\/api.w.org\/{rel}","templated":true}]}}